{"id":721,"date":"2020-05-01T19:57:03","date_gmt":"2020-05-01T19:57:03","guid":{"rendered":"http:\/\/www.sen-ecole.asso.fr\/WP\/?p=721"},"modified":"2020-05-01T19:57:03","modified_gmt":"2020-05-01T19:57:03","slug":"cagnotte-crise-sanitaire","status":"publish","type":"post","link":"https:\/\/www.sen-ecole.asso.fr\/WP\/?p=721","title":{"rendered":"Cagnotte \/ Crise sanitaire"},"content":{"rendered":"\n<p>L&rsquo;association sen-ecole organise une cagnotte Leetchi pour acheter des denr\u00e9es alimentaires pendant cette p\u00e9riode de crise sanitaire. Merci de votre soutien.<\/p>\n\n\n\n<p><a href=\"https:\/\/www.leetchi.com\/c\/ecole-koor-jokkel-fay\">Effectuez votre don en un clic.<\/a><\/p>\n\n\n\n<ul class=\"wp-block-list\"><li>Chacun participe du montant qu&rsquo;il souhaite.<\/li><li>Tous les paiements sont s\u00e9curis\u00e9s.<\/li><\/ul>\n\n\n\n<p>Envie de nous aider \u00e0 r\u00e9colter plus de dons ? Partagez cette cagnotte !<\/p>\n\n\n\n<p>Merci \u00e0 tous !<\/p>\n\n\n\n<p><\/p>\n","protected":false},"excerpt":{"rendered":"<p>L&rsquo;association sen-ecole organise une cagnotte Leetchi pour acheter des denr\u00e9es alimentaires pendant cette p\u00e9riode de crise sanitaire. Merci de votre soutien. Effectuez votre don en un clic. Chacun participe du montant qu&rsquo;il souhaite. Tous les paiements sont s\u00e9curis\u00e9s. Envie de nous aider \u00e0 r\u00e9colter plus de dons ? Partagez cette cagnotte ! Merci \u00e0 tous [&hellip;]<\/p>\n","protected":false},"author":1,"featured_media":0,"comment_status":"open","ping_status":"open","sticky":false,"template":"","format":"standard","meta":{"footnotes":""},"categories":[1],"tags":[],"class_list":["post-721","post","type-post","status-publish","format-standard","hentry","category-non-classe"],"_links":{"self":[{"href":"https:\/\/www.sen-ecole.asso.fr\/WP\/index.php?rest_route=\/wp\/v2\/posts\/721","targetHints":{"allow":["GET"]}}],"collection":[{"href":"https:\/\/www.sen-ecole.asso.fr\/WP\/index.php?rest_route=\/wp\/v2\/posts"}],"about":[{"href":"https:\/\/www.sen-ecole.asso.fr\/WP\/index.php?rest_route=\/wp\/v2\/types\/post"}],"author":[{"embeddable":true,"href":"https:\/\/www.sen-ecole.asso.fr\/WP\/index.php?rest_route=\/wp\/v2\/users\/1"}],"replies":[{"embeddable":true,"href":"https:\/\/www.sen-ecole.asso.fr\/WP\/index.php?rest_route=%2Fwp%2Fv2%2Fcomments&post=721"}],"version-history":[{"count":1,"href":"https:\/\/www.sen-ecole.asso.fr\/WP\/index.php?rest_route=\/wp\/v2\/posts\/721\/revisions"}],"predecessor-version":[{"id":722,"href":"https:\/\/www.sen-ecole.asso.fr\/WP\/index.php?rest_route=\/wp\/v2\/posts\/721\/revisions\/722"}],"wp:attachment":[{"href":"https:\/\/www.sen-ecole.asso.fr\/WP\/index.php?rest_route=%2Fwp%2Fv2%2Fmedia&parent=721"}],"wp:term":[{"taxonomy":"category","embeddable":true,"href":"https:\/\/www.sen-ecole.asso.fr\/WP\/index.php?rest_route=%2Fwp%2Fv2%2Fcategories&post=721"},{"taxonomy":"post_tag","embeddable":true,"href":"https:\/\/www.sen-ecole.asso.fr\/WP\/index.php?rest_route=%2Fwp%2Fv2%2Ftags&post=721"}],"curies":[{"name":"wp","href":"https:\/\/api.w.org\/{rel}","templated":true}]}}