{"id":236,"date":"2017-02-17T08:00:07","date_gmt":"2017-02-17T08:00:07","guid":{"rendered":"http:\/\/www.sen-ecole.asso.fr\/WP\/?p=236"},"modified":"2017-02-17T15:01:19","modified_gmt":"2017-02-17T15:01:19","slug":"nouvelle-vente-de-stylos","status":"publish","type":"post","link":"https:\/\/www.sen-ecole.asso.fr\/WP\/?p=236","title":{"rendered":"Nouvelle vente de stylos"},"content":{"rendered":"<p>De nouveaux stylos sont en vente, au prix de 2\u20ac.<\/p>\n<p>L&rsquo;int\u00e9gralit\u00e9 des b\u00e9n\u00e9fices sera utilis\u00e9e pour financer les travaux de peinture des salles de classes de l&rsquo;\u00e9cole.<\/p>\n<p><a href=\"http:\/\/www.sen-ecole.asso.fr\/WP\/wp-content\/uploads\/2017\/02\/20170217_154615.jpg\"><img loading=\"lazy\" decoding=\"async\" class=\"alignleft size-large wp-image-238\" src=\"http:\/\/www.sen-ecole.asso.fr\/WP\/wp-content\/uploads\/2017\/02\/20170217_154615-1024x576.jpg\" alt=\"20170217_154615\" width=\"560\" height=\"315\" srcset=\"https:\/\/www.sen-ecole.asso.fr\/WP\/wp-content\/uploads\/2017\/02\/20170217_154615-1024x576.jpg 1024w, https:\/\/www.sen-ecole.asso.fr\/WP\/wp-content\/uploads\/2017\/02\/20170217_154615-300x169.jpg 300w, https:\/\/www.sen-ecole.asso.fr\/WP\/wp-content\/uploads\/2017\/02\/20170217_154615-768x432.jpg 768w\" sizes=\"auto, (max-width: 560px) 100vw, 560px\" \/><\/a><\/p>\n<p>&nbsp;<\/p>\n","protected":false},"excerpt":{"rendered":"<p>De nouveaux stylos sont en vente, au prix de 2\u20ac. L&rsquo;int\u00e9gralit\u00e9 des b\u00e9n\u00e9fices sera utilis\u00e9e pour financer les travaux de peinture des salles de classes de l&rsquo;\u00e9cole. &nbsp;<\/p>\n","protected":false},"author":1,"featured_media":0,"comment_status":"open","ping_status":"open","sticky":false,"template":"","format":"standard","meta":{"footnotes":""},"categories":[7],"tags":[],"class_list":["post-236","post","type-post","status-publish","format-standard","hentry","category-operations-speciales"],"_links":{"self":[{"href":"https:\/\/www.sen-ecole.asso.fr\/WP\/index.php?rest_route=\/wp\/v2\/posts\/236","targetHints":{"allow":["GET"]}}],"collection":[{"href":"https:\/\/www.sen-ecole.asso.fr\/WP\/index.php?rest_route=\/wp\/v2\/posts"}],"about":[{"href":"https:\/\/www.sen-ecole.asso.fr\/WP\/index.php?rest_route=\/wp\/v2\/types\/post"}],"author":[{"embeddable":true,"href":"https:\/\/www.sen-ecole.asso.fr\/WP\/index.php?rest_route=\/wp\/v2\/users\/1"}],"replies":[{"embeddable":true,"href":"https:\/\/www.sen-ecole.asso.fr\/WP\/index.php?rest_route=%2Fwp%2Fv2%2Fcomments&post=236"}],"version-history":[{"count":1,"href":"https:\/\/www.sen-ecole.asso.fr\/WP\/index.php?rest_route=\/wp\/v2\/posts\/236\/revisions"}],"predecessor-version":[{"id":239,"href":"https:\/\/www.sen-ecole.asso.fr\/WP\/index.php?rest_route=\/wp\/v2\/posts\/236\/revisions\/239"}],"wp:attachment":[{"href":"https:\/\/www.sen-ecole.asso.fr\/WP\/index.php?rest_route=%2Fwp%2Fv2%2Fmedia&parent=236"}],"wp:term":[{"taxonomy":"category","embeddable":true,"href":"https:\/\/www.sen-ecole.asso.fr\/WP\/index.php?rest_route=%2Fwp%2Fv2%2Fcategories&post=236"},{"taxonomy":"post_tag","embeddable":true,"href":"https:\/\/www.sen-ecole.asso.fr\/WP\/index.php?rest_route=%2Fwp%2Fv2%2Ftags&post=236"}],"curies":[{"name":"wp","href":"https:\/\/api.w.org\/{rel}","templated":true}]}}