{"id":1389,"date":"2025-01-04T08:58:20","date_gmt":"2025-01-04T08:58:20","guid":{"rendered":"https:\/\/www.sen-ecole.asso.fr\/WP\/?p=1389"},"modified":"2025-01-04T08:58:20","modified_gmt":"2025-01-04T08:58:20","slug":"meilleurs-voeux","status":"publish","type":"post","link":"https:\/\/www.sen-ecole.asso.fr\/WP\/?p=1389","title":{"rendered":"Meilleurs Voeux"},"content":{"rendered":"\n<figure class=\"wp-block-image size-large\"><a href=\"https:\/\/www.sen-ecole.asso.fr\/WP\/wp-content\/uploads\/2025\/01\/IMG_0796.jpeg\"><img loading=\"lazy\" decoding=\"async\" width=\"1024\" height=\"1024\" src=\"https:\/\/www.sen-ecole.asso.fr\/WP\/wp-content\/uploads\/2025\/01\/IMG_0796-1024x1024.jpeg\" alt=\"\" class=\"wp-image-1390\" srcset=\"https:\/\/www.sen-ecole.asso.fr\/WP\/wp-content\/uploads\/2025\/01\/IMG_0796-1024x1024.jpeg 1024w, https:\/\/www.sen-ecole.asso.fr\/WP\/wp-content\/uploads\/2025\/01\/IMG_0796-300x300.jpeg 300w, https:\/\/www.sen-ecole.asso.fr\/WP\/wp-content\/uploads\/2025\/01\/IMG_0796-150x150.jpeg 150w, https:\/\/www.sen-ecole.asso.fr\/WP\/wp-content\/uploads\/2025\/01\/IMG_0796-768x768.jpeg 768w, https:\/\/www.sen-ecole.asso.fr\/WP\/wp-content\/uploads\/2025\/01\/IMG_0796.jpeg 1080w\" sizes=\"auto, (max-width: 1024px) 100vw, 1024px\" \/><\/a><\/figure>\n\n\n\n<p>L\u2019association S\u2019en Ecole vous pr\u00e9sente ses v\u0153ux pour l\u2019ann\u00e9e 2025.<\/p>\n\n\n\n<p>Une nouvelle ann\u00e9e pleine de projets, gr\u00e2ce \u00e0 votre soutien.<\/p>\n","protected":false},"excerpt":{"rendered":"<p>L\u2019association S\u2019en Ecole vous pr\u00e9sente ses v\u0153ux pour l\u2019ann\u00e9e 2025. Une nouvelle ann\u00e9e pleine de projets, gr\u00e2ce \u00e0 votre soutien.<\/p>\n","protected":false},"author":1,"featured_media":0,"comment_status":"open","ping_status":"open","sticky":false,"template":"","format":"standard","meta":{"footnotes":""},"categories":[1],"tags":[],"class_list":["post-1389","post","type-post","status-publish","format-standard","hentry","category-non-classe"],"_links":{"self":[{"href":"https:\/\/www.sen-ecole.asso.fr\/WP\/index.php?rest_route=\/wp\/v2\/posts\/1389","targetHints":{"allow":["GET"]}}],"collection":[{"href":"https:\/\/www.sen-ecole.asso.fr\/WP\/index.php?rest_route=\/wp\/v2\/posts"}],"about":[{"href":"https:\/\/www.sen-ecole.asso.fr\/WP\/index.php?rest_route=\/wp\/v2\/types\/post"}],"author":[{"embeddable":true,"href":"https:\/\/www.sen-ecole.asso.fr\/WP\/index.php?rest_route=\/wp\/v2\/users\/1"}],"replies":[{"embeddable":true,"href":"https:\/\/www.sen-ecole.asso.fr\/WP\/index.php?rest_route=%2Fwp%2Fv2%2Fcomments&post=1389"}],"version-history":[{"count":1,"href":"https:\/\/www.sen-ecole.asso.fr\/WP\/index.php?rest_route=\/wp\/v2\/posts\/1389\/revisions"}],"predecessor-version":[{"id":1391,"href":"https:\/\/www.sen-ecole.asso.fr\/WP\/index.php?rest_route=\/wp\/v2\/posts\/1389\/revisions\/1391"}],"wp:attachment":[{"href":"https:\/\/www.sen-ecole.asso.fr\/WP\/index.php?rest_route=%2Fwp%2Fv2%2Fmedia&parent=1389"}],"wp:term":[{"taxonomy":"category","embeddable":true,"href":"https:\/\/www.sen-ecole.asso.fr\/WP\/index.php?rest_route=%2Fwp%2Fv2%2Fcategories&post=1389"},{"taxonomy":"post_tag","embeddable":true,"href":"https:\/\/www.sen-ecole.asso.fr\/WP\/index.php?rest_route=%2Fwp%2Fv2%2Ftags&post=1389"}],"curies":[{"name":"wp","href":"https:\/\/api.w.org\/{rel}","templated":true}]}}